{"id":190023,"date":"2024-08-26T00:38:12","date_gmt":"2024-08-25T21:38:12","guid":{"rendered":"https:\/\/mobidictum.com\/?p=190023"},"modified":"2024-08-26T00:38:13","modified_gmt":"2024-08-25T21:38:13","slug":"apple-ab-ios18","status":"publish","type":"post","link":"https:\/\/mobidictum.com\/tr\/apple-ab-ios18\/","title":{"rendered":"Avrupa Birli\u011fi&#8217;nde Apple Devrimi: App Store ve Temel Uygulamalar Silinebilecek! Geli\u015ftiricileri Neler Bekliyor?"},"content":{"rendered":"\n<p><strong>Apple, Dijital Pazarlar Yasas\u0131&#8217;na uyum sa\u011flamak amac\u0131yla Avrupa Birli\u011fi&#8217;ndeki kullan\u0131c\u0131lar i\u00e7in iOS&#8217;ta k\u00f6kl\u00fc de\u011fi\u015fikliklere gidiyor. iOS 18 ve iPadOS 18 ile gelmesi beklenen bu de\u011fi\u015fiklikler, oyun geli\u015ftiricileri ve st\u00fcdyolar\u0131 ba\u015fta olmak \u00fczere t\u00fcm sekt\u00f6r\u00fc derinden etkileyecek.<\/strong><\/p>\n\n\n\n<h2 class=\"wp-block-heading\"><strong>Silinebilir App Store<\/strong><\/h2>\n\n\n\n<p>Kimsenin beklemedi\u011fi bir hamleyle Apple, AB kullan\u0131c\u0131lar\u0131n\u0131n <strong>iPhone ve iPad&#8217;lerinden App Store&#8217;u silmelerine<\/strong> izin verece\u011fini duyurdu. Bu radikal karar\u0131n arkas\u0131nda, AB&#8217;nin iOS&#8217;ta \u00fc\u00e7\u00fcnc\u00fc taraf uygulama ma\u011fazalar\u0131na izin verme zorunlulu\u011fu yat\u0131yor.<\/p>\n\n\n\n<p>App Store&#8217;un silinebilir olmas\u0131 ve \u00fc\u00e7\u00fcnc\u00fc taraf uygulama ma\u011fazalar\u0131n\u0131n devreye girmesi, iOS ekosistemini ba\u015ftan a\u015fa\u011f\u0131 de\u011fi\u015ftirecek. Geli\u015ftiriciler, kullan\u0131c\u0131lar\u0131n dikkatini \u00e7ekmek i\u00e7in daha \u00e7etin bir rekabetle kar\u015f\u0131 kar\u015f\u0131ya kalacak ve da\u011f\u0131t\u0131m ve gelir modellerini g\u00f6zden ge\u00e7irmek zorunda kalabilir. Kullan\u0131c\u0131lar\u0131n se\u00e7eneklerinin artmas\u0131, daha da\u011f\u0131n\u0131k bir pazara yol a\u00e7abilir ve uygulamalar\u0131n ke\u015ffedilebilirli\u011fi her zamankinden daha kritik hale gelebilir.<\/p>\n\n\n\n<h2 class=\"wp-block-heading\"><strong>Temel Uygulamalar\u0131n Silinmesi<\/strong><\/h2>\n\n\n\n<p>App Store&#8217;un yan\u0131 s\u0131ra, <strong>Mesajlar, Foto\u011fraflar, Kamera ve Safari gibi temel iOS uygulamalar\u0131 da AB&#8217;de silinebilecek<\/strong>.<\/p>\n\n\n\n<p>Kullan\u0131c\u0131lar\u0131n temel uygulamalar\u0131 silebilmesi, alternatif uygulama geli\u015ftiricileri i\u00e7in b\u00fcy\u00fck bir f\u0131rsat sunuyor. Kullan\u0131c\u0131lar\u0131n varsay\u0131lan olarak kendi uygulamalar\u0131n\u0131 tercih etmelerini sa\u011flayabilirler. Bu durum, uygulama ekosisteminde daha fazla \u00e7e\u015fitlili\u011fe yol a\u00e7abilece\u011fi gibi, geli\u015ftiricilerin uygulamalar\u0131n\u0131 kullan\u0131c\u0131lar\u0131n se\u00e7ebilece\u011fi farkl\u0131 varsay\u0131lan uygulamalarla nas\u0131l entegre edeceklerini d\u00fc\u015f\u00fcnmelerini de gerektiriyor.<\/p>\n\n\n\n<h2 class=\"wp-block-heading\"><strong>Taray\u0131c\u0131 Se\u00e7imi Ekran\u0131 Geli\u015ftirmeleri<\/strong><\/h2>\n\n\n\n<p>Apple, daha \u00f6nce AB direktifleri do\u011frultusunda uygulamaya koydu\u011fu taray\u0131c\u0131 se\u00e7imi ekran\u0131n\u0131 da geli\u015ftirecek. Kurulum s\u0131ras\u0131nda ve g\u00fcncellemelerden sonra kar\u015f\u0131m\u0131za \u00e7\u0131kan bu ekran, art\u0131k mevcut taray\u0131c\u0131lar ve performanslar\u0131 hakk\u0131nda daha detayl\u0131 bilgi verecek.<\/p>\n\n\n\n<p>Geli\u015ftirilmi\u015f taray\u0131c\u0131 se\u00e7imi ekran\u0131, kullan\u0131c\u0131lara daha fazla bilgi sunarak ve \u015feffafl\u0131\u011f\u0131 art\u0131rarak farkl\u0131 taray\u0131c\u0131 geli\u015ftiricileri aras\u0131nda daha adil bir rekabet ortam\u0131 yaratmay\u0131 hedefliyor. Bu sayede, Safari entegrasyonuna veya \u00f6zelliklerine ba\u011f\u0131ml\u0131 olan geli\u015ftiriciler etkilenebilir ve alternatif taray\u0131c\u0131lar\u0131n kullan\u0131m\u0131 artabilir.<\/p>\n\n\n\n<h2 class=\"wp-block-heading\"><strong>Geli\u015ftiriciler \u0130\u00e7in Daha Fazla Kazan\u00e7, Daha D\u00fc\u015f\u00fck Komisyonlar m\u0131?<\/strong><\/h2>\n\n\n\n<p>T\u00fcm bu de\u011fi\u015fiklikler, geli\u015ftiriciler i\u00e7in daha y\u00fcksek gelir ve daha d\u00fc\u015f\u00fck komisyonlar anlam\u0131na da gelebilir. Uygulama ma\u011fazalar\u0131 aras\u0131ndaki rekabet, platform komisyonlar\u0131n\u0131n d\u00fc\u015fmesine ve geli\u015ftiricilerin kazan\u00e7lar\u0131n\u0131n daha b\u00fcy\u00fck bir k\u0131sm\u0131n\u0131 ellerinde tutmalar\u0131na olanak sa\u011flayabilir.<\/p>\n\n\n\n<h2 class=\"wp-block-heading\"><strong>Unutmay\u0131n: De\u011fi\u015fiklikler Sadece AB&#8217;de Ge\u00e7erli!<\/strong><\/h2>\n\n\n\n<p>Bu \u00f6nemli de\u011fi\u015fikliklerin \u015fimdilik sadece Avrupa Birli\u011fi&#8217;ndeki kullan\u0131c\u0131lar\u0131 kapsad\u0131\u011f\u0131n\u0131 hat\u0131rlatmakta fayda var. T\u00fcrkiye gibi di\u011fer b\u00f6lgelerdeki iPhone kullan\u0131c\u0131lar\u0131, App Store&#8217;u veya temel uygulamalar\u0131 silme se\u00e7ene\u011fine sahip olmayacak.<\/p>\n\n\n\n<p><\/p>\n","protected":false},"excerpt":{"rendered":"<p>AB&#8217;deki uygulama geli\u015ftiricileri i\u00e7in yeni bir d\u00f6nem ba\u015fl\u0131yor. iOS 18 ile Apple, kullan\u0131c\u0131lar\u0131n App Store&#8217;u silmelerine ve \u00fc\u00e7\u00fcnc\u00fc taraf alternatiflerini kullanmalar\u0131na olanak tan\u0131yor. Ayr\u0131ca, Safari ve Mesajlar gibi temel uygulamalar da de\u011fi\u015ftirilebilecek.<\/p>\n","protected":false},"author":295,"featured_media":190024,"comment_status":"open","ping_status":"open","sticky":false,"template":"","format":"standard","meta":{"_acf_changed":false,"footnotes":""},"categories":[8861],"tags":[],"class_list":["post-190023","post","type-post","status-publish","format-standard","has-post-thumbnail","hentry","category-mobidictum-haberler"],"acf":[],"_links":{"self":[{"href":"https:\/\/mobidictum.com\/tr\/wp-json\/wp\/v2\/posts\/190023","targetHints":{"allow":["GET"]}}],"collection":[{"href":"https:\/\/mobidictum.com\/tr\/wp-json\/wp\/v2\/posts"}],"about":[{"href":"https:\/\/mobidictum.com\/tr\/wp-json\/wp\/v2\/types\/post"}],"author":[{"embeddable":true,"href":"https:\/\/mobidictum.com\/tr\/wp-json\/wp\/v2\/users\/295"}],"replies":[{"embeddable":true,"href":"https:\/\/mobidictum.com\/tr\/wp-json\/wp\/v2\/comments?post=190023"}],"version-history":[{"count":3,"href":"https:\/\/mobidictum.com\/tr\/wp-json\/wp\/v2\/posts\/190023\/revisions"}],"predecessor-version":[{"id":190028,"href":"https:\/\/mobidictum.com\/tr\/wp-json\/wp\/v2\/posts\/190023\/revisions\/190028"}],"wp:featuredmedia":[{"embeddable":true,"href":"https:\/\/mobidictum.com\/tr\/wp-json\/wp\/v2\/media\/190024"}],"wp:attachment":[{"href":"https:\/\/mobidictum.com\/tr\/wp-json\/wp\/v2\/media?parent=190023"}],"wp:term":[{"taxonomy":"category","embeddable":true,"href":"https:\/\/mobidictum.com\/tr\/wp-json\/wp\/v2\/categories?post=190023"},{"taxonomy":"post_tag","embeddable":true,"href":"https:\/\/mobidictum.com\/tr\/wp-json\/wp\/v2\/tags?post=190023"}],"curies":[{"name":"wp","href":"https:\/\/api.w.org\/{rel}","templated":true}]}}