{"id":43123,"date":"2022-08-23T18:20:00","date_gmt":"2022-08-23T15:20:00","guid":{"rendered":"https:\/\/mobidictum.com\/?p=43123"},"modified":"2022-08-23T18:14:16","modified_gmt":"2022-08-23T15:14:16","slug":"sony-playstation-vr2-2023-basinda-cikacagini-acikladi","status":"publish","type":"post","link":"https:\/\/mobidictum.com\/tr\/sony-playstation-vr2-2023-basinda-cikacagini-acikladi\/","title":{"rendered":"Sony PlayStation VR2\u2019nin 2023 ba\u015f\u0131nda \u00e7\u0131kaca\u011f\u0131n\u0131 a\u00e7\u0131klad\u0131"},"content":{"rendered":"\n<p>Uzun zamand\u0131r beklenen<strong> PlayStation VR2\u2019nin 2023 senesinin ba\u015f\u0131nda \u00e7\u0131kaca\u011f\u0131 belli oldu.<\/strong> A\u00e7\u0131klama Sony taraf\u0131ndan PlayStation\u2019\u0131n resmi Instagram hesab\u0131 \u00fczerinden yap\u0131ld\u0131. Bu duyuruyla birlikte bir de VR setine dair g\u00f6rsel de payla\u015f\u0131ld\u0131. Hen\u00fcz sanal ger\u00e7eklik ba\u015fl\u0131\u011f\u0131n\u0131n ne zaman \u00e7\u0131kaca\u011f\u0131 belli de\u011fil ancak bu a\u00e7\u0131klama oyuncular i\u00e7in bekleyi\u015fin uzun s\u00fcrmeyece\u011fini g\u00f6steriyor.<\/p>\n\n\n\n<p><strong>\u0130lgili:<\/strong> <a href=\"https:\/\/mobidictum.com\/tr\/sony-death-stranding-game-pass-cikmasi-soz-hakki-olmadigi-acikladi\/\" data-type=\"URL\" data-id=\"https:\/\/mobidictum.com\/tr\/sony-death-stranding-game-pass-cikmasi-soz-hakki-olmadigi-acikladi\/\" target=\"_blank\" rel=\"noreferrer noopener\">Sony, Death Stranding\u2019in Game Pass\u2019e \u00e7\u0131k\u0131\u015f\u0131nda s\u00f6z hakk\u0131 olmad\u0131\u011f\u0131n\u0131 a\u00e7\u0131klad\u0131<\/a><\/p>\n\n\n\n<p>Aslen PlayStation VR2&#8217;nin bu y\u0131l piyasaya s\u00fcr\u00fclece\u011fi tahmin ediliyordu fakat s\u00fcre\u00e7 beklenenden farkl\u0131 ilerledi. <strong>Sony, VR setinin varl\u0131\u011f\u0131n\u0131 ilk olarak \u015eubat 2021&#8217;de payla\u015f\u0131lan bir blog g\u00f6nderisiyle do\u011frulam\u0131\u015ft\u0131<\/strong>. S\u00fcrece resmiyet kazand\u0131ran bu a\u00e7\u0131klamadan iki ay kadar sonra da kontrol ayg\u0131t\u0131n\u0131n ilk g\u00f6rselini payla\u015fm\u0131\u015ft\u0131.<\/p>\n\n\n\n<p>O d\u00f6nemde s\u00fcre\u00e7 h\u0131zl\u0131 ilerliyor gibi g\u00f6r\u00fcnse de ilerleyen aylarda Sony sessizli\u011fini korumay\u0131 tercih etti. Bu da s\u00f6ylentilerin gidi\u015fat\u0131n\u0131 de\u011fi\u015ftirdi. B\u00fcy\u00fck merakla beklenen a\u00e7\u0131klamalar <strong>Ocak 2022\u2019den itibaren gelmeye ba\u015flad\u0131. PlayStation CEO\u2019su Jim Ryan, CES\u2019te teknik detaylar\u0131 resmen a\u00e7\u0131klad\u0131<\/strong>. Beraberinde VR setininin resmi ismi ve logosu da netlik kazand\u0131. Ayr\u0131ca oyuncular <strong>Horizon Call of The Mountain<\/strong> oyununa da ilk kez yak\u0131ndan bakma f\u0131rsat\u0131 buldu.<\/p>\n\n\n\n<p>Ge\u00e7ti\u011fimiz aylarda PlayStation VR2&#8217;a dair teknik detaylar ufak ufak ortaya \u00e7\u0131kt\u0131. \u00d6rne\u011fin VR setinin beyaz tasar\u0131m\u0131 \u015eubat 2022\u2019de a\u00e7\u0131klanm\u0131\u015ft\u0131. Ard\u0131ndan <strong>Sony, sanal ger\u00e7eklik ba\u015fl\u0131\u011f\u0131n\u0131n \u00e7\u0131k\u0131\u015f\u0131yla birlikte 20\u2019den fazla oyuna ev sahipli\u011fi yapaca\u011f\u0131n\u0131 ifade etti<\/strong>. Bu da oyuncular\u0131 fazlas\u0131yla heyecanland\u0131rd\u0131. Ba\u015fl\u0131\u011f\u0131n iki 4K HDR ekran \u00fczerine kurulaca\u011f\u0131 ise t\u00fcm bu detaylardan \u00f6nce biliniyordu.<\/p>\n\n\n\n<p><strong>\u00d6te yandan ba\u015fl\u0131\u011f\u0131n tasar\u0131m\u0131, PlayStation VR ile boyut ve \u015fekil olarak ciddi benzerlik g\u00f6steriyor. <\/strong>\u00d6nceki ba\u015fl\u0131\u011f\u0131n tasar\u0131m\u0131 kullan\u0131c\u0131lardan b\u00fcy\u00fck ele\u015ftiriler almam\u0131\u015ft\u0131. Tasar\u0131m a\u00e7\u0131s\u0131ndan en \u00e7ok ele\u015ftirilen konu havaland\u0131rma deli\u011fi olmu\u015ftu. PlayStation VR2 tasar\u0131m\u0131na eklenen de dolay\u0131s\u0131yla havaland\u0131rma deli\u011fi oldu. Bunun yan\u0131nda bir de fiziksel IPD kayd\u0131rma butonu eklendi. Bu da oyun s\u00fcresinde i\u015fleri kolayla\u015ft\u0131racak bir yenilik olarak kar\u015f\u0131m\u0131za \u00e7\u0131k\u0131yor.<\/p>\n\n\n\n<p><strong>Sony ilk kez PlayStation VR2\u2019nin ne zaman oyuncularla bulu\u015faca\u011f\u0131na dair bir a\u00e7\u0131klamada bulundu.<\/strong> Net tarih belli olmasa da yeni VR seti selefi olan ilk modelden tam sekiz y\u0131l sonra piyasaya s\u00fcr\u00fclecek.<\/p>\n\n\n","protected":false},"excerpt":{"rendered":"<p>Sonunda yeni VR setinin ne zaman \u00e7\u0131kaca\u011f\u0131na dair ilk ipucu payla\u015f\u0131ld\u0131.<\/p>\n","protected":false},"author":61,"featured_media":43094,"comment_status":"open","ping_status":"open","sticky":false,"template":"","format":"standard","meta":{"_acf_changed":false,"footnotes":""},"categories":[8861],"tags":[],"class_list":["post-43123","post","type-post","status-publish","format-standard","has-post-thumbnail","hentry","category-mobidictum-haberler"],"acf":[],"_links":{"self":[{"href":"https:\/\/mobidictum.com\/tr\/wp-json\/wp\/v2\/posts\/43123","targetHints":{"allow":["GET"]}}],"collection":[{"href":"https:\/\/mobidictum.com\/tr\/wp-json\/wp\/v2\/posts"}],"about":[{"href":"https:\/\/mobidictum.com\/tr\/wp-json\/wp\/v2\/types\/post"}],"author":[{"embeddable":true,"href":"https:\/\/mobidictum.com\/tr\/wp-json\/wp\/v2\/users\/61"}],"replies":[{"embeddable":true,"href":"https:\/\/mobidictum.com\/tr\/wp-json\/wp\/v2\/comments?post=43123"}],"version-history":[{"count":2,"href":"https:\/\/mobidictum.com\/tr\/wp-json\/wp\/v2\/posts\/43123\/revisions"}],"predecessor-version":[{"id":43128,"href":"https:\/\/mobidictum.com\/tr\/wp-json\/wp\/v2\/posts\/43123\/revisions\/43128"}],"wp:featuredmedia":[{"embeddable":true,"href":"https:\/\/mobidictum.com\/tr\/wp-json\/wp\/v2\/media\/43094"}],"wp:attachment":[{"href":"https:\/\/mobidictum.com\/tr\/wp-json\/wp\/v2\/media?parent=43123"}],"wp:term":[{"taxonomy":"category","embeddable":true,"href":"https:\/\/mobidictum.com\/tr\/wp-json\/wp\/v2\/categories?post=43123"},{"taxonomy":"post_tag","embeddable":true,"href":"https:\/\/mobidictum.com\/tr\/wp-json\/wp\/v2\/tags?post=43123"}],"curies":[{"name":"wp","href":"https:\/\/api.w.org\/{rel}","templated":true}]}}