{"id":8460,"date":"2021-02-22T16:13:00","date_gmt":"2021-02-22T13:13:00","guid":{"rendered":"https:\/\/mobidictum.com\/?p=8460"},"modified":"2023-04-25T11:46:30","modified_gmt":"2023-04-25T08:46:30","slug":"mobidictum-gundem-ozel-2","status":"publish","type":"post","link":"https:\/\/mobidictum.com\/tr\/mobidictum-gundem-ozel-2\/","title":{"rendered":"Mobidictum G\u00fcndem \u00d6zel #2 canl\u0131 yay\u0131n\u0131na kat\u0131l\u0131n"},"content":{"rendered":"<p>Mobidictum YouTube kanal\u0131nda ba\u015flayan G\u00fcndem \u00d6zel program\u0131, \u00e7ar\u015famba g\u00fcn\u00fc canl\u0131 yay\u0131nlar\u0131na ba\u015fl\u0131yor. Mobidictum Business Discord kanal\u0131ndan ger\u00e7ekle\u015fecek etkinlikte, d\u00f6rt konu\u015fmac\u0131 kendi alanlar\u0131ndaki tecr\u00fcbelerini aktaracak ve sorular\u0131 cevaplayacak.<\/p>\n<h2>Mobidictum G\u00fcndem \u00d6zel 2<\/h2>\n<p>24 \u015eubat 2021 saat 21:00 itibar\u0131yla ba\u015flayacak olan G\u00fcndem \u00d6zel #2 canl\u0131 yay\u0131n\u0131nda d\u00f6rt farkl\u0131 kategorideki konu\u015fmac\u0131lar, Mobidictum ve izleyenlerden gelen sorular\u0131 cevaplayacak.\u00a0 Etkinli\u011fe kat\u0131lmak i\u00e7in <a href=\"https:\/\/www.linkedin.com\/events\/g-ndem-zel-2-oyunumi-inniyebupl6769573826633187328\/\" target=\"_blank\" rel=\"noopener nofollow\">LinkedIn<\/a> sayfam\u0131z\u0131 ziyaret edebilirsiniz.\u00a0 Discord \u00fczerinden tamamen \u00fccretsiz bir \u015fekilde ger\u00e7ekle\u015fecek olan etkinlikte, sizler de sorular\u0131n\u0131z\u0131 iletebilirsiniz.<\/p>\n<p>Canl\u0131 yay\u0131na kat\u0131lacak konu\u015fmac\u0131lar ise \u015fu \u015fekilde: Mobidictum Kurucu Direkt\u00f6r\u00fc Batuhan Avucan, Craatonz Kurucu Orta\u011f\u0131 Volkan \u00d6zen, Negentra Kurucu Orta\u011f\u0131 G\u00fcrcan Serbest, Metaverse Kurucusu Erkan Bayol ve Arvis Games Kurucusu Atakan Cankorur.<\/p>\n<h3>Etkinlik detaylar\u0131<\/h3>\n<ul>\n<li>Kat\u0131l\u0131m: \u00dccretsiz<\/li>\n<li>Etkinlik Tarihi: 24 \u015eubat 2021 &#8211; \u00c7ar\u015famba<\/li>\n<li>Etkinlik saati: 21:00<\/li>\n<\/ul>\n<p>Etkinli\u011fe kat\u0131l\u0131m bilgileri i\u00e7in <a href=\"https:\/\/www.linkedin.com\/events\/g-ndem-zel-2-oyunumi-inniyebupl6769573826633187328\/\" target=\"_blank\" rel=\"noopener nofollow\">LinkedIn<\/a> sayfam\u0131z\u0131 ziyaret edebilirsiniz.<\/p>\n<h3>Konu\u015fmac\u0131lar<\/h3>\n<ul>\n<li><strong>Batuhan Avucan<\/strong> &#8211; Mobidictum Kurucu Direkt\u00f6r\u00fc<\/li>\n<li><strong>Volkan \u00d6zen<\/strong> &#8211; Craatonz Kurucu Orta\u011f\u0131<\/li>\n<li><strong>G\u00fcrcan Serbest<\/strong> &#8211; Negentra Kurucu Orta\u011f\u0131<\/li>\n<li><strong>Erkan Bayol<\/strong> &#8211; Metaverse Kurucusu<\/li>\n<li><strong>Atakan Cankorur<\/strong> &#8211; Arvis Games Kurucusu<\/li>\n<\/ul>\n<p>G\u00fcndem \u00d6zel ve daha bir\u00e7ok etkinli\u011fimiz devam edecek. Oyun sekt\u00f6r\u00fcnden son dakika haberleri, r\u00f6portajlar\u0131 ve etkinliklerini takip etmek ve ka\u00e7\u0131rmamak i\u00e7in LinkedIn sayfam\u0131z\u0131 be\u011fenebilir ve sitemizi takip edebilirsiniz. G\u00fcndem \u00d6zel program\u0131m\u0131z\u0131n ilk b\u00f6l\u00fcm\u00fcn\u00fc a\u015fa\u011f\u0131dan izleyebilirsiniz.<\/p>\n<h2>Mobidictum G\u00fcndem \u00d6zel ilk b\u00f6l\u00fcm<\/h2>\n<p><iframe title=\"Sekt\u00f6r b\u00fcy\u00fcd\u00fc de, nereye b\u00fcy\u00fcd\u00fc? - G\u00fcndem \u00d6zel #1\" width=\"640\" height=\"360\" src=\"https:\/\/www.youtube.com\/embed\/h3ZI0XmfcFY?feature=oembed\" frameborder=\"0\" allow=\"accelerometer; autoplay; clipboard-write; encrypted-media; gyroscope; picture-in-picture; web-share\" referrerpolicy=\"strict-origin-when-cross-origin\" allowfullscreen><\/iframe><\/p>\n","protected":false},"excerpt":{"rendered":"<p>Mobidictum YouTube kanal\u0131nda ba\u015flayan G\u00fcndem \u00d6zel program\u0131, \u00e7ar\u015famba g\u00fcn\u00fc canl\u0131 yay\u0131nlar\u0131na ba\u015fl\u0131yor. Mobidictum Business Discord kanal\u0131ndan ger\u00e7ekle\u015fecek etkinlikte, d\u00f6rt konu\u015fmac\u0131 kendi alanlar\u0131ndaki tecr\u00fcbelerini aktaracak ve sorular\u0131 cevaplayacak. Mobidictum G\u00fcndem \u00d6zel 2 24 \u015eubat 2021 saat 21:00 itibar\u0131yla ba\u015flayacak olan G\u00fcndem \u00d6zel #2 canl\u0131 yay\u0131n\u0131nda d\u00f6rt farkl\u0131 kategorideki konu\u015fmac\u0131lar, Mobidictum ve izleyenlerden gelen sorular\u0131 cevaplayacak.\u00a0 Etkinli\u011fe [&hellip;]<\/p>\n","protected":false},"author":1,"featured_media":8470,"comment_status":"open","ping_status":"open","sticky":false,"template":"","format":"standard","meta":{"_acf_changed":false,"footnotes":""},"categories":[8861],"tags":[1135],"class_list":["post-8460","post","type-post","status-publish","format-standard","has-post-thumbnail","hentry","category-mobidictum-haberler","tag-etkinlikler"],"acf":[],"_links":{"self":[{"href":"https:\/\/mobidictum.com\/tr\/wp-json\/wp\/v2\/posts\/8460","targetHints":{"allow":["GET"]}}],"collection":[{"href":"https:\/\/mobidictum.com\/tr\/wp-json\/wp\/v2\/posts"}],"about":[{"href":"https:\/\/mobidictum.com\/tr\/wp-json\/wp\/v2\/types\/post"}],"author":[{"embeddable":true,"href":"https:\/\/mobidictum.com\/tr\/wp-json\/wp\/v2\/users\/1"}],"replies":[{"embeddable":true,"href":"https:\/\/mobidictum.com\/tr\/wp-json\/wp\/v2\/comments?post=8460"}],"version-history":[{"count":1,"href":"https:\/\/mobidictum.com\/tr\/wp-json\/wp\/v2\/posts\/8460\/revisions"}],"predecessor-version":[{"id":151970,"href":"https:\/\/mobidictum.com\/tr\/wp-json\/wp\/v2\/posts\/8460\/revisions\/151970"}],"wp:featuredmedia":[{"embeddable":true,"href":"https:\/\/mobidictum.com\/tr\/wp-json\/wp\/v2\/media\/8470"}],"wp:attachment":[{"href":"https:\/\/mobidictum.com\/tr\/wp-json\/wp\/v2\/media?parent=8460"}],"wp:term":[{"taxonomy":"category","embeddable":true,"href":"https:\/\/mobidictum.com\/tr\/wp-json\/wp\/v2\/categories?post=8460"},{"taxonomy":"post_tag","embeddable":true,"href":"https:\/\/mobidictum.com\/tr\/wp-json\/wp\/v2\/tags?post=8460"}],"curies":[{"name":"wp","href":"https:\/\/api.w.org\/{rel}","templated":true}]}}